{"id":10375,"date":"2020-02-21T12:00:23","date_gmt":"2020-02-21T11:00:23","guid":{"rendered":"https:\/\/www.vallsguiu.com\/?p=10375"},"modified":"2021-04-27T12:10:26","modified_gmt":"2021-04-27T10:10:26","slug":"conoces-cuales-son-tus-derechos-y-obligaciones-al-alquilar-una-vivienda","status":"publish","type":"post","link":"https:\/\/www.vallsguiu.com\/ca\/conoces-cuales-son-tus-derechos-y-obligaciones-al-alquilar-una-vivienda\/","title":{"rendered":"\u00bfConoces cu\u00e1les son tus derechos y obligaciones al alquilar una vivienda?"},"content":{"rendered":"<p><span style=\"font-weight: 400;\">Cada vez hay m\u00e1s personas que alquilan una vivienda en Espa\u00f1a, subiendo los precios de los alquileres y tambi\u00e9n los problemas legales. Para <\/span><b>alquilar bajo las condiciones que abarca la ley y estar seguro con tu contrato<\/b><span style=\"font-weight: 400;\">, debes conocer cu\u00e1les son los derechos que tienes como inquilino y las obligaciones que debe cumplir tu arrendatario.<\/span><\/p>\n<h2><span style=\"font-weight: 400;\">Tus derechos y obligaciones como inquilino<\/span><\/h2>\n<p><span style=\"font-weight: 400;\">Al firmar un contrato de alquiler, <\/span><b>contraes una serie de derechos y obligaciones sobre esa vivienda<\/b><span style=\"font-weight: 400;\">. Es importante que los conozcas a fondo para saber cu\u00e1les son tus responsabilidades y garant\u00edas.<\/span><\/p>\n<h3><span style=\"font-weight: 400;\">Duraci\u00f3n del contrato<\/span><\/h3>\n<p><span style=\"font-weight: 400;\">La duraci\u00f3n del contrato <\/span><b>se establece por un m\u00ednimo de 3 a\u00f1os<\/b><span style=\"font-weight: 400;\">, en el que el propietario no puede rescindir el contrato excepto por algunas causas excepcionales que veremos m\u00e1s adelante o por incumplimiento de pago.<\/span><\/p>\n<h3><span style=\"font-weight: 400;\">Obras de mejoras<\/span><\/h3>\n<p><span style=\"font-weight: 400;\">El <\/span><b>propietario de una vivienda est\u00e1 obligado a realizar mejoras que mantengan unas condiciones m\u00ednimas de habitabilidad<\/b><span style=\"font-weight: 400;\">, adem\u00e1s de que tiene que encargarse de da\u00f1os producidos por factores externos al inquilino o por el deterioro natural de la vivienda.<\/span><\/p>\n<p><b>Los inquilinos deben permitir estas obras mientras vivan all\u00ed<\/b><span style=\"font-weight: 400;\">, excepto que puedan aplazarse hasta el final del contrato. Durante las obras, el inquilino puede percibir una reducci\u00f3n de la renta si alguna parte de la casa queda inhabilitada para su uso.<\/span><\/p>\n<h3><span style=\"font-weight: 400;\">Recesi\u00f3n del contrato<\/span><\/h3>\n<p><span style=\"font-weight: 400;\">Luego de los <\/span><b>primeros 6 meses de cumplimiento obligatorio<\/b><span style=\"font-weight: 400;\">, el arrendatario puede desistir del contrato de alquiler con un aviso de 30 d\u00edas de antelaci\u00f3n.<\/span><\/p>\n<h3><span style=\"font-weight: 400;\">Compra de la vivienda<\/span><\/h3>\n<p><span style=\"font-weight: 400;\">En el caso que el propietario quiera poner la vivienda a la venta, <\/span><b>el inquilino tiene derecho preferencial en la compra<\/b><span style=\"font-weight: 400;\"> al precio que establezca el mercado. S se vende la vivienda a un tercero, <\/span><b>el nuevo propietario tiene la obligaci\u00f3n de mantener el contrato de arrendamiento<\/b><span style=\"font-weight: 400;\">.<\/span><\/p>\n<h3><span style=\"font-weight: 400;\">Fianza e indemnizaci\u00f3n<\/span><\/h3>\n<p><span style=\"font-weight: 400;\">Como inquilino, tienes <\/span><b>la obligaci\u00f3n de pagar una fianza en met\u00e1lico al inicio del contrato<\/b><span style=\"font-weight: 400;\">, que no puede superar 1 mes de alquiler. Por otro lado, puede <\/span><b>pactarse una indemnizaci\u00f3n al propietario<\/b><span style=\"font-weight: 400;\"> si se abandona la vivienda antes de los 3 a\u00f1os, pero esto no es obligatorio y s\u00f3lo tendr\u00e1 efecto si se lo especifica en el contrato de alquiler.<\/span><\/p>\n<h3><span style=\"font-weight: 400;\">Pago de los servicios<\/span><\/h3>\n<p><span style=\"font-weight: 400;\">La <\/span><b>obligaci\u00f3n del pago de todos los servicios de electricidad, gas y agua<\/b><span style=\"font-weight: 400;\"> corren a cuenta del inquilino, salvo que se indique lo contrario en el contrato. Los gastos de comunidad recaen generalmente sobre el propietario, aunque puede abonarlos el inquilino si en el contrato as\u00ed lo establece.<\/span><\/p>\n<h3><span style=\"font-weight: 400;\">Pago de la renta<\/span><\/h3>\n<p><span style=\"font-weight: 400;\">El arrendador tiene la <\/span><b>obligaci\u00f3n de pagar la renta mensual pactada en los primeros 7 d\u00edas de cada mes<\/b><span style=\"font-weight: 400;\">. Dentro del contrato puede pactarse una revisi\u00f3n del precio de la renta cada a\u00f1o de contrato, pero en caso contrario se mantendr\u00e1 el mismo monto por los 3 a\u00f1os.<\/span><\/p>\n<p><img decoding=\"async\" class=\" wp-image-10376 aligncenter\" src=\"https:\/\/www.vallsguiu.com\/wp-content\/uploads\/steven-ungermann-CVTmLMv5oG4-unsplash-1024x1024.jpg\" alt=\"\" width=\"398\" height=\"398\" srcset=\"https:\/\/www.vallsguiu.com\/wp-content\/uploads\/steven-ungermann-CVTmLMv5oG4-unsplash-150x150.jpg 150w, https:\/\/www.vallsguiu.com\/wp-content\/uploads\/steven-ungermann-CVTmLMv5oG4-unsplash-300x300.jpg 300w, https:\/\/www.vallsguiu.com\/wp-content\/uploads\/steven-ungermann-CVTmLMv5oG4-unsplash-1024x1024.jpg 1024w, https:\/\/www.vallsguiu.com\/wp-content\/uploads\/steven-ungermann-CVTmLMv5oG4-unsplash-1536x1536.jpg 1536w\" sizes=\"(max-width: 398px) 100vw, 398px\" \/><\/p>\n<h2><span style=\"font-weight: 400;\">Las principales obligaciones del arrendatario<\/span><\/h2>\n<p><span style=\"font-weight: 400;\">Como propietario de la vivienda, hay algunos derechos que puede ejercer como hemos podido ver en los anteriores apartados. Pero <\/span><b>el arrendatario tambi\u00e9n tiene obligaciones<\/b><span style=\"font-weight: 400;\">, que son las siguientes.<\/span><\/p>\n<h3><span style=\"font-weight: 400;\">Devoluci\u00f3n de la fianza<\/span><\/h3>\n<p><span style=\"font-weight: 400;\">Cuando finaliza el contrato, <\/span><b>debe devolverse la fianza completa si no hay da\u00f1os en la vivienda o deudas con las compa\u00f1\u00edas de servicios<\/b><span style=\"font-weight: 400;\">. La devoluci\u00f3n debe darse en un plazo m\u00e1ximo de un mes y si no se hiciera, el inquilino puede reclamar intereses.<\/span><\/p>\n<h3><span style=\"font-weight: 400;\">Prorrogaci\u00f3n del contrato<\/span><\/h3>\n<p><span style=\"font-weight: 400;\">Al cumplirse los 3 a\u00f1os, <\/span><b>el contrato se renueva autom\u00e1ticamente por un a\u00f1o m\u00e1s<\/b><span style=\"font-weight: 400;\"> salvo que se realice un preaviso de cualquiera de las partes 30 d\u00edas antes del vencimiento.<\/span><\/p>\n<h3><span style=\"font-weight: 400;\">Recesi\u00f3n del contrato para uso personal<\/span><\/h3>\n<p><span style=\"font-weight: 400;\">Luego de 1 a\u00f1o de contrato <\/span><b>el propietario puede rescindirlo con un aviso de 2 meses de antelaci\u00f3n<\/b><span style=\"font-weight: 400;\"> si necesita la vivienda para s\u00ed mismo, familiares o c\u00f3nyuges.<\/span><\/p>\n<p><span style=\"font-weight: 400;\">Estos derechos y obligaciones de cada una de las partes en un contrato de alquiler pueden verse reflejadas en la <\/span><b>Ley de Arrendamientos Urbanos<\/b><span style=\"font-weight: 400;\">. Si alguna de estas cl\u00e1usulas se incumple, la parte afectada puede solicitar el fin del contrato o una resoluci\u00f3n por v\u00eda legal.<\/span><\/p>\n<p><span style=\"font-weight: 400;\">Es importante siempre contar con un contrato de alquiler firmado por ambas partes que cuente con toda la informaci\u00f3n clara y detallada sobre los acuerdos del arrendamiento. Si necesitas asesoramiento con tu contrato de alquiler como inquilino o propietario, <\/span><b>en Valls Guiu tenemos profesionales del \u00e1mbito Inmobiliario que podr\u00e1n ayudarte a resolver tus conflictos<\/b><span style=\"font-weight: 400;\">.<\/span><\/p>\n","protected":false},"excerpt":{"rendered":"<p>Cada vez hay m\u00e1s personas que alquilan una vivienda en Espa\u00f1a, subiendo los precios de los alquileres y tambi\u00e9n los problemas legales. Para alquilar bajo las condiciones que abarca la ley y estar seguro con tu contrato, debes conocer cu\u00e1les son los derechos que tienes como inquilino y las obligaciones que debe cumplir tu arrendatario. Tus derechos y obligaciones como  [&#8230;]<\/p>\n","protected":false},"author":9,"featured_media":10377,"comment_status":"closed","ping_status":"open","sticky":false,"template":"","format":"standard","meta":{"footnotes":""},"categories":[95],"tags":[96,98,97,107,108,91],"class_list":["post-10375","post","type-post","status-publish","format-standard","has-post-thumbnail","hentry","category-inmobiliario","tag-alquilar-una-vivienda","tag-arrendador-y-arrendatario","tag-contrato-de-alquiler","tag-derechos","tag-espana","tag-requisitos"],"yoast_head":"<!-- This site is optimized with the Yoast SEO plugin v27.4 - https:\/\/yoast.com\/product\/yoast-seo-wordpress\/ -->\n<title>\u00bfConoces cu\u00e1les son tus derechos y obligaciones al alquilar una vivienda? | Valls Guiu Advocats<\/title>\n<meta name=\"robots\" content=\"index, follow, max-snippet:-1, max-image-preview:large, max-video-preview:-1\" \/>\n<link rel=\"canonical\" href=\"https:\/\/www.vallsguiu.com\/ca\/conoces-cuales-son-tus-derechos-y-obligaciones-al-alquilar-una-vivienda\/\" \/>\n<meta property=\"og:locale\" content=\"ca_ES\" \/>\n<meta property=\"og:type\" content=\"article\" \/>\n<meta property=\"og:title\" content=\"\u00bfConoces cu\u00e1les son tus derechos y obligaciones al alquilar una vivienda? | Valls Guiu Advocats\" \/>\n<meta property=\"og:description\" content=\"Cada vez hay m\u00e1s personas que alquilan una vivienda en Espa\u00f1a, subiendo los precios de los alquileres y tambi\u00e9n los problemas legales. Para alquilar bajo las condiciones que abarca la ley y estar seguro con tu contrato, debes conocer cu\u00e1les son los derechos que tienes como inquilino y las obligaciones que debe cumplir tu arrendatario. Tus derechos y obligaciones como [...]\" \/>\n<meta property=\"og:url\" content=\"https:\/\/www.vallsguiu.com\/conoces-cuales-son-tus-derechos-y-obligaciones-al-alquilar-una-vivienda\/\" \/>\n<meta property=\"og:site_name\" content=\"Valls Guiu Advocats\" \/>\n<meta property=\"article:published_time\" content=\"2020-02-21T11:00:23+00:00\" \/>\n<meta property=\"article:modified_time\" content=\"2021-04-27T10:10:26+00:00\" \/>\n<meta property=\"og:image\" content=\"https:\/\/www.vallsguiu.com\/wp-content\/uploads\/tierra-mallorca-rgJ1J8SDEAY-unsplash-scaled.jpg\" \/>\n\t<meta property=\"og:image:width\" content=\"2560\" \/>\n\t<meta property=\"og:image:height\" content=\"2560\" \/>\n\t<meta property=\"og:image:type\" content=\"image\/jpeg\" \/>\n<meta name=\"author\" content=\"Agostina Simeonoff\" \/>\n<meta name=\"twitter:label1\" content=\"Written by\" \/>\n\t<meta name=\"twitter:data1\" content=\"Agostina Simeonoff\" \/>\n\t<meta name=\"twitter:label2\" content=\"Est. reading time\" \/>\n\t<meta name=\"twitter:data2\" content=\"4 minutes\" \/>\n<script type=\"application\/ld+json\" class=\"yoast-schema-graph\">{\"@context\":\"https:\\\/\\\/schema.org\",\"@graph\":[{\"@type\":\"Article\",\"@id\":\"https:\\\/\\\/www.vallsguiu.com\\\/conoces-cuales-son-tus-derechos-y-obligaciones-al-alquilar-una-vivienda\\\/#article\",\"isPartOf\":{\"@id\":\"https:\\\/\\\/www.vallsguiu.com\\\/conoces-cuales-son-tus-derechos-y-obligaciones-al-alquilar-una-vivienda\\\/\"},\"author\":{\"name\":\"Agostina Simeonoff\",\"@id\":\"https:\\\/\\\/www.vallsguiu.com\\\/#\\\/schema\\\/person\\\/c8c6d81b7f841fa2705b741afabd49be\"},\"headline\":\"\u00bfConoces cu\u00e1les son tus derechos y obligaciones al alquilar una vivienda?\",\"datePublished\":\"2020-02-21T11:00:23+00:00\",\"dateModified\":\"2021-04-27T10:10:26+00:00\",\"mainEntityOfPage\":{\"@id\":\"https:\\\/\\\/www.vallsguiu.com\\\/conoces-cuales-son-tus-derechos-y-obligaciones-al-alquilar-una-vivienda\\\/\"},\"wordCount\":762,\"image\":{\"@id\":\"https:\\\/\\\/www.vallsguiu.com\\\/conoces-cuales-son-tus-derechos-y-obligaciones-al-alquilar-una-vivienda\\\/#primaryimage\"},\"thumbnailUrl\":\"https:\\\/\\\/www.vallsguiu.com\\\/wp-content\\\/uploads\\\/tierra-mallorca-rgJ1J8SDEAY-unsplash-scaled.jpg\",\"keywords\":[\"Alquilar una vivienda\",\"arrendador y arrendatario\",\"Contrato de alquiler\",\"derechos\",\"espa\u00f1a\",\"REQUISITOS\"],\"articleSection\":[\"Inmobiliario\"],\"inLanguage\":\"ca\"},{\"@type\":\"WebPage\",\"@id\":\"https:\\\/\\\/www.vallsguiu.com\\\/conoces-cuales-son-tus-derechos-y-obligaciones-al-alquilar-una-vivienda\\\/\",\"url\":\"https:\\\/\\\/www.vallsguiu.com\\\/conoces-cuales-son-tus-derechos-y-obligaciones-al-alquilar-una-vivienda\\\/\",\"name\":\"\u00bfConoces cu\u00e1les son tus derechos y obligaciones al alquilar una vivienda? | Valls Guiu Advocats\",\"isPartOf\":{\"@id\":\"https:\\\/\\\/www.vallsguiu.com\\\/#website\"},\"primaryImageOfPage\":{\"@id\":\"https:\\\/\\\/www.vallsguiu.com\\\/conoces-cuales-son-tus-derechos-y-obligaciones-al-alquilar-una-vivienda\\\/#primaryimage\"},\"image\":{\"@id\":\"https:\\\/\\\/www.vallsguiu.com\\\/conoces-cuales-son-tus-derechos-y-obligaciones-al-alquilar-una-vivienda\\\/#primaryimage\"},\"thumbnailUrl\":\"https:\\\/\\\/www.vallsguiu.com\\\/wp-content\\\/uploads\\\/tierra-mallorca-rgJ1J8SDEAY-unsplash-scaled.jpg\",\"datePublished\":\"2020-02-21T11:00:23+00:00\",\"dateModified\":\"2021-04-27T10:10:26+00:00\",\"author\":{\"@id\":\"https:\\\/\\\/www.vallsguiu.com\\\/#\\\/schema\\\/person\\\/c8c6d81b7f841fa2705b741afabd49be\"},\"breadcrumb\":{\"@id\":\"https:\\\/\\\/www.vallsguiu.com\\\/conoces-cuales-son-tus-derechos-y-obligaciones-al-alquilar-una-vivienda\\\/#breadcrumb\"},\"inLanguage\":\"ca\",\"potentialAction\":[{\"@type\":\"ReadAction\",\"target\":[\"https:\\\/\\\/www.vallsguiu.com\\\/conoces-cuales-son-tus-derechos-y-obligaciones-al-alquilar-una-vivienda\\\/\"]}]},{\"@type\":\"ImageObject\",\"inLanguage\":\"ca\",\"@id\":\"https:\\\/\\\/www.vallsguiu.com\\\/conoces-cuales-son-tus-derechos-y-obligaciones-al-alquilar-una-vivienda\\\/#primaryimage\",\"url\":\"https:\\\/\\\/www.vallsguiu.com\\\/wp-content\\\/uploads\\\/tierra-mallorca-rgJ1J8SDEAY-unsplash-scaled.jpg\",\"contentUrl\":\"https:\\\/\\\/www.vallsguiu.com\\\/wp-content\\\/uploads\\\/tierra-mallorca-rgJ1J8SDEAY-unsplash-scaled.jpg\",\"width\":2560,\"height\":2560},{\"@type\":\"BreadcrumbList\",\"@id\":\"https:\\\/\\\/www.vallsguiu.com\\\/conoces-cuales-son-tus-derechos-y-obligaciones-al-alquilar-una-vivienda\\\/#breadcrumb\",\"itemListElement\":[{\"@type\":\"ListItem\",\"position\":1,\"name\":\"Portada\",\"item\":\"https:\\\/\\\/www.vallsguiu.com\\\/ca\\\/\"},{\"@type\":\"ListItem\",\"position\":2,\"name\":\"\u00bfConoces cu\u00e1les son tus derechos y obligaciones al alquilar una vivienda?\"}]},{\"@type\":\"WebSite\",\"@id\":\"https:\\\/\\\/www.vallsguiu.com\\\/#website\",\"url\":\"https:\\\/\\\/www.vallsguiu.com\\\/\",\"name\":\"Valls Guiu Advocats\",\"description\":\"\",\"potentialAction\":[{\"@type\":\"SearchAction\",\"target\":{\"@type\":\"EntryPoint\",\"urlTemplate\":\"https:\\\/\\\/www.vallsguiu.com\\\/?s={search_term_string}\"},\"query-input\":{\"@type\":\"PropertyValueSpecification\",\"valueRequired\":true,\"valueName\":\"search_term_string\"}}],\"inLanguage\":\"ca\"},{\"@type\":\"Person\",\"@id\":\"https:\\\/\\\/www.vallsguiu.com\\\/#\\\/schema\\\/person\\\/c8c6d81b7f841fa2705b741afabd49be\",\"name\":\"Agostina Simeonoff\",\"image\":{\"@type\":\"ImageObject\",\"inLanguage\":\"ca\",\"@id\":\"https:\\\/\\\/secure.gravatar.com\\\/avatar\\\/f5babd7c05af0da558383603e0e50addb60d4f050bcffdb3ed4825291af9147c?s=96&d=mm&r=g\",\"url\":\"https:\\\/\\\/secure.gravatar.com\\\/avatar\\\/f5babd7c05af0da558383603e0e50addb60d4f050bcffdb3ed4825291af9147c?s=96&d=mm&r=g\",\"contentUrl\":\"https:\\\/\\\/secure.gravatar.com\\\/avatar\\\/f5babd7c05af0da558383603e0e50addb60d4f050bcffdb3ed4825291af9147c?s=96&d=mm&r=g\",\"caption\":\"Agostina Simeonoff\"},\"url\":\"https:\\\/\\\/www.vallsguiu.com\\\/ca\\\/author\\\/agostina\\\/\"}]}<\/script>\n<!-- \/ Yoast SEO plugin. -->","yoast_head_json":{"title":"\u00bfConoces cu\u00e1les son tus derechos y obligaciones al alquilar una vivienda? | Valls Guiu Advocats","robots":{"index":"index","follow":"follow","max-snippet":"max-snippet:-1","max-image-preview":"max-image-preview:large","max-video-preview":"max-video-preview:-1"},"canonical":"https:\/\/www.vallsguiu.com\/ca\/conoces-cuales-son-tus-derechos-y-obligaciones-al-alquilar-una-vivienda\/","og_locale":"ca_ES","og_type":"article","og_title":"\u00bfConoces cu\u00e1les son tus derechos y obligaciones al alquilar una vivienda? | Valls Guiu Advocats","og_description":"Cada vez hay m\u00e1s personas que alquilan una vivienda en Espa\u00f1a, subiendo los precios de los alquileres y tambi\u00e9n los problemas legales. Para alquilar bajo las condiciones que abarca la ley y estar seguro con tu contrato, debes conocer cu\u00e1les son los derechos que tienes como inquilino y las obligaciones que debe cumplir tu arrendatario. Tus derechos y obligaciones como [...]","og_url":"https:\/\/www.vallsguiu.com\/conoces-cuales-son-tus-derechos-y-obligaciones-al-alquilar-una-vivienda\/","og_site_name":"Valls Guiu Advocats","article_published_time":"2020-02-21T11:00:23+00:00","article_modified_time":"2021-04-27T10:10:26+00:00","og_image":[{"width":2560,"height":2560,"url":"https:\/\/www.vallsguiu.com\/wp-content\/uploads\/tierra-mallorca-rgJ1J8SDEAY-unsplash-scaled.jpg","type":"image\/jpeg"}],"author":"Agostina Simeonoff","twitter_misc":{"Written by":"Agostina Simeonoff","Est. reading time":"4 minutes"},"schema":{"@context":"https:\/\/schema.org","@graph":[{"@type":"Article","@id":"https:\/\/www.vallsguiu.com\/conoces-cuales-son-tus-derechos-y-obligaciones-al-alquilar-una-vivienda\/#article","isPartOf":{"@id":"https:\/\/www.vallsguiu.com\/conoces-cuales-son-tus-derechos-y-obligaciones-al-alquilar-una-vivienda\/"},"author":{"name":"Agostina Simeonoff","@id":"https:\/\/www.vallsguiu.com\/#\/schema\/person\/c8c6d81b7f841fa2705b741afabd49be"},"headline":"\u00bfConoces cu\u00e1les son tus derechos y obligaciones al alquilar una vivienda?","datePublished":"2020-02-21T11:00:23+00:00","dateModified":"2021-04-27T10:10:26+00:00","mainEntityOfPage":{"@id":"https:\/\/www.vallsguiu.com\/conoces-cuales-son-tus-derechos-y-obligaciones-al-alquilar-una-vivienda\/"},"wordCount":762,"image":{"@id":"https:\/\/www.vallsguiu.com\/conoces-cuales-son-tus-derechos-y-obligaciones-al-alquilar-una-vivienda\/#primaryimage"},"thumbnailUrl":"https:\/\/www.vallsguiu.com\/wp-content\/uploads\/tierra-mallorca-rgJ1J8SDEAY-unsplash-scaled.jpg","keywords":["Alquilar una vivienda","arrendador y arrendatario","Contrato de alquiler","derechos","espa\u00f1a","REQUISITOS"],"articleSection":["Inmobiliario"],"inLanguage":"ca"},{"@type":"WebPage","@id":"https:\/\/www.vallsguiu.com\/conoces-cuales-son-tus-derechos-y-obligaciones-al-alquilar-una-vivienda\/","url":"https:\/\/www.vallsguiu.com\/conoces-cuales-son-tus-derechos-y-obligaciones-al-alquilar-una-vivienda\/","name":"\u00bfConoces cu\u00e1les son tus derechos y obligaciones al alquilar una vivienda? | Valls Guiu Advocats","isPartOf":{"@id":"https:\/\/www.vallsguiu.com\/#website"},"primaryImageOfPage":{"@id":"https:\/\/www.vallsguiu.com\/conoces-cuales-son-tus-derechos-y-obligaciones-al-alquilar-una-vivienda\/#primaryimage"},"image":{"@id":"https:\/\/www.vallsguiu.com\/conoces-cuales-son-tus-derechos-y-obligaciones-al-alquilar-una-vivienda\/#primaryimage"},"thumbnailUrl":"https:\/\/www.vallsguiu.com\/wp-content\/uploads\/tierra-mallorca-rgJ1J8SDEAY-unsplash-scaled.jpg","datePublished":"2020-02-21T11:00:23+00:00","dateModified":"2021-04-27T10:10:26+00:00","author":{"@id":"https:\/\/www.vallsguiu.com\/#\/schema\/person\/c8c6d81b7f841fa2705b741afabd49be"},"breadcrumb":{"@id":"https:\/\/www.vallsguiu.com\/conoces-cuales-son-tus-derechos-y-obligaciones-al-alquilar-una-vivienda\/#breadcrumb"},"inLanguage":"ca","potentialAction":[{"@type":"ReadAction","target":["https:\/\/www.vallsguiu.com\/conoces-cuales-son-tus-derechos-y-obligaciones-al-alquilar-una-vivienda\/"]}]},{"@type":"ImageObject","inLanguage":"ca","@id":"https:\/\/www.vallsguiu.com\/conoces-cuales-son-tus-derechos-y-obligaciones-al-alquilar-una-vivienda\/#primaryimage","url":"https:\/\/www.vallsguiu.com\/wp-content\/uploads\/tierra-mallorca-rgJ1J8SDEAY-unsplash-scaled.jpg","contentUrl":"https:\/\/www.vallsguiu.com\/wp-content\/uploads\/tierra-mallorca-rgJ1J8SDEAY-unsplash-scaled.jpg","width":2560,"height":2560},{"@type":"BreadcrumbList","@id":"https:\/\/www.vallsguiu.com\/conoces-cuales-son-tus-derechos-y-obligaciones-al-alquilar-una-vivienda\/#breadcrumb","itemListElement":[{"@type":"ListItem","position":1,"name":"Portada","item":"https:\/\/www.vallsguiu.com\/ca\/"},{"@type":"ListItem","position":2,"name":"\u00bfConoces cu\u00e1les son tus derechos y obligaciones al alquilar una vivienda?"}]},{"@type":"WebSite","@id":"https:\/\/www.vallsguiu.com\/#website","url":"https:\/\/www.vallsguiu.com\/","name":"Valls Guiu Advocats","description":"","potentialAction":[{"@type":"SearchAction","target":{"@type":"EntryPoint","urlTemplate":"https:\/\/www.vallsguiu.com\/?s={search_term_string}"},"query-input":{"@type":"PropertyValueSpecification","valueRequired":true,"valueName":"search_term_string"}}],"inLanguage":"ca"},{"@type":"Person","@id":"https:\/\/www.vallsguiu.com\/#\/schema\/person\/c8c6d81b7f841fa2705b741afabd49be","name":"Agostina Simeonoff","image":{"@type":"ImageObject","inLanguage":"ca","@id":"https:\/\/secure.gravatar.com\/avatar\/f5babd7c05af0da558383603e0e50addb60d4f050bcffdb3ed4825291af9147c?s=96&d=mm&r=g","url":"https:\/\/secure.gravatar.com\/avatar\/f5babd7c05af0da558383603e0e50addb60d4f050bcffdb3ed4825291af9147c?s=96&d=mm&r=g","contentUrl":"https:\/\/secure.gravatar.com\/avatar\/f5babd7c05af0da558383603e0e50addb60d4f050bcffdb3ed4825291af9147c?s=96&d=mm&r=g","caption":"Agostina Simeonoff"},"url":"https:\/\/www.vallsguiu.com\/ca\/author\/agostina\/"}]}},"_links":{"self":[{"href":"https:\/\/www.vallsguiu.com\/ca\/wp-json\/wp\/v2\/posts\/10375","targetHints":{"allow":["GET"]}}],"collection":[{"href":"https:\/\/www.vallsguiu.com\/ca\/wp-json\/wp\/v2\/posts"}],"about":[{"href":"https:\/\/www.vallsguiu.com\/ca\/wp-json\/wp\/v2\/types\/post"}],"author":[{"embeddable":true,"href":"https:\/\/www.vallsguiu.com\/ca\/wp-json\/wp\/v2\/users\/9"}],"replies":[{"embeddable":true,"href":"https:\/\/www.vallsguiu.com\/ca\/wp-json\/wp\/v2\/comments?post=10375"}],"version-history":[{"count":2,"href":"https:\/\/www.vallsguiu.com\/ca\/wp-json\/wp\/v2\/posts\/10375\/revisions"}],"predecessor-version":[{"id":10475,"href":"https:\/\/www.vallsguiu.com\/ca\/wp-json\/wp\/v2\/posts\/10375\/revisions\/10475"}],"wp:featuredmedia":[{"embeddable":true,"href":"https:\/\/www.vallsguiu.com\/ca\/wp-json\/wp\/v2\/media\/10377"}],"wp:attachment":[{"href":"https:\/\/www.vallsguiu.com\/ca\/wp-json\/wp\/v2\/media?parent=10375"}],"wp:term":[{"taxonomy":"category","embeddable":true,"href":"https:\/\/www.vallsguiu.com\/ca\/wp-json\/wp\/v2\/categories?post=10375"},{"taxonomy":"post_tag","embeddable":true,"href":"https:\/\/www.vallsguiu.com\/ca\/wp-json\/wp\/v2\/tags?post=10375"}],"curies":[{"name":"wp","href":"https:\/\/api.w.org\/{rel}","templated":true}]}}