{"id":9858,"date":"2020-01-10T12:00:37","date_gmt":"2020-01-10T11:00:37","guid":{"rendered":"http:\/\/www.vallsguiu.com\/?p=9858"},"modified":"2021-04-27T12:10:25","modified_gmt":"2021-04-27T10:10:25","slug":"pueden-limpiarse-sus-antecedentes-penales","status":"publish","type":"post","link":"https:\/\/www.vallsguiu.com\/ca\/pueden-limpiarse-sus-antecedentes-penales\/","title":{"rendered":"\u00bfPueden limpiarse sus antecedentes penales?"},"content":{"rendered":"<p><span style=\"font-weight: 400;\">Para todas las personas, la b\u00fasqueda laboral es un proceso complicado y puede serlo a\u00fan m\u00e1s si cuentas con antecedentes penales. A pesar de que <\/span><b>estos antecedentes pueden cancelarse luego de cierto tiempo y no deber\u00edan ser utilizados de forma discriminatoria en los procesos de selecci\u00f3n laborales<\/b><span style=\"font-weight: 400;\">, no siempre sucede esto en Espa\u00f1a.<\/span><\/p>\n<p><span style=\"font-weight: 400;\">Al cometer cualquier delito y recibir una sentencia firme, se obtiene un antecedente penal que queda <\/span><b>inscripto en el Registro Central de Penados y Rebeldes en el Ministerio de Justicia<\/b><span style=\"font-weight: 400;\">. En esta constancia se pueden ver los datos personales del ciudadano, el delito por el que ha sido condenado y la duraci\u00f3n de su pena.<\/span><\/p>\n<p><span style=\"font-weight: 400;\">Aunque a este documento s\u00f3lo puede acceder el titular o los \u00f3rganos oficiales del Gobierno con autorizaci\u00f3n, <\/span><b>muchas veces es requerido por las empresas en el proceso de selecci\u00f3n laboral para conocer m\u00e1s sobre sus candidatos<\/b><span style=\"font-weight: 400;\">, pero seg\u00fan la ley espa\u00f1ola no puede ser utilizado como causa de eliminaci\u00f3n de la selecci\u00f3n. <\/span><b>Seg\u00fan el C\u00f3digo Penal este registro puede ser cancelado<\/b><span style=\"font-weight: 400;\">, y no se trata de un documento acumulativo, sino que brinda a las personas una segunda oportunidad.<\/span><\/p>\n<p><span style=\"font-weight: 400;\">Dentro del <\/span><b>art\u00edculo 136 del C\u00f3digo Penal de Espa\u00f1a se establece que las personas tienen derecho a cancelar sus antecedentes penales<\/b><span style=\"font-weight: 400;\"> una vez que se hayan cumplido los plazos establecidos, que var\u00edan seg\u00fan la gravedad de la pena. Este plazo comienza a computarse desde el d\u00eda siguiente en que la pena queda extinguida y los plazos que establece el C\u00f3digo Penal son:<\/span><\/p>\n<ul>\n<li style=\"font-weight: 400;\">&#8211; <b>6 meses<\/b><span style=\"font-weight: 400;\"> para penas leves<\/span><\/li>\n<li style=\"font-weight: 400;\">&#8211; <b>2 a\u00f1os<\/b><span style=\"font-weight: 400;\"> para las penas que no superen los 12 meses y las relacionadas a delitos imprudentes.<\/span><\/li>\n<li style=\"font-weight: 400;\">&#8211; <b>3 a\u00f1os<\/b><span style=\"font-weight: 400;\"> para penas con un cumplimiento menor a 3 a\u00f1os.<\/span><\/li>\n<li style=\"font-weight: 400;\">&#8211; <b>5 a\u00f1os<\/b><span style=\"font-weight: 400;\"> para las penas iguales o mayores a 3 a\u00f1os.<\/span><\/li>\n<li style=\"font-weight: 400;\">&#8211;<b> 10 a\u00f1os<\/b><span style=\"font-weight: 400;\"> para las penas graves.<\/span><\/li>\n<\/ul>\n<p><img decoding=\"async\" class=\"alignnone wp-image-9860\" src=\"http:\/\/www.vallsguiu.com\/wp-content\/uploads\/nik-macmillan-YXemfQiPR_E-unsplash-1024x1024.jpg\" alt=\"\" width=\"426\" height=\"426\" srcset=\"https:\/\/www.vallsguiu.com\/wp-content\/uploads\/nik-macmillan-YXemfQiPR_E-unsplash-150x150.jpg 150w, https:\/\/www.vallsguiu.com\/wp-content\/uploads\/nik-macmillan-YXemfQiPR_E-unsplash-300x300.jpg 300w, https:\/\/www.vallsguiu.com\/wp-content\/uploads\/nik-macmillan-YXemfQiPR_E-unsplash-1024x1024.jpg 1024w, https:\/\/www.vallsguiu.com\/wp-content\/uploads\/nik-macmillan-YXemfQiPR_E-unsplash-1536x1536.jpg 1536w, https:\/\/www.vallsguiu.com\/wp-content\/uploads\/nik-macmillan-YXemfQiPR_E-unsplash-scaled.jpg 2560w\" sizes=\"(max-width: 426px) 100vw, 426px\" \/><\/p>\n<h2><span style=\"font-weight: 400;\">\u00bfC\u00f3mo influyen tus antecedentes penales en el mundo laboral?<\/span><\/h2>\n<p><span style=\"font-weight: 400;\">Aunque tengas antecedentes penales, la ley espa\u00f1ola protege a los ciudadanos contra la discriminaci\u00f3n en los \u00e1mbitos laborales. Seg\u00fan el <\/span><b>art\u00edculo 14 de la Constituci\u00f3n Espa\u00f1ola, el art\u00edculo 4.2 del Estatuto de los Trabajadores y el art\u00edculo 73.2 de la Ley General Penitenciaria<\/b><span style=\"font-weight: 400;\">, se establece que no puede discriminarse a un trabajador por ning\u00fan motivo en un empleo o en la b\u00fasqueda del mismo.<\/span><\/p>\n<p><span style=\"font-weight: 400;\">Por otro lado, se establece que <\/span><b>el acceso a los antecedentes personales es de car\u00e1cter privado<\/b><span style=\"font-weight: 400;\">, al que s\u00f3lo puede acceder el titular o distintos organismos estatales por un requerimiento espec\u00edfico. Un empleador s\u00f3lo puede obtener un registro de antecedentes penales cuando sea aportado voluntariamente por el candidato.<\/span><\/p>\n<p><span style=\"font-weight: 400;\">A pesar de que es una pr\u00e1ctica com\u00fan en algunos puestos laborales, seg\u00fan la legislaci\u00f3n espa\u00f1ola no pueden utilizarse estos antecedentes de forma perjudicial para el candidato, ya que <\/span><b>estar\u00eda incumpliendo con el derecho a la intimidad y reinserci\u00f3n laboral de los penados<\/b><span style=\"font-weight: 400;\">. Existen excepciones a esta norma en la que ciertas empresas, debido a sus caracter\u00edsticas y puesto laboral, son amparadas por la ley para hacer uso de los antecedentes penales en sus procesos de selecci\u00f3n.<\/span><\/p>\n<p><span style=\"font-weight: 400;\">En Valls Guiu ponemos a tu disposici\u00f3n a los mejores profesionales de la abogac\u00eda que <\/span><b>pueden ayudarte a lograr la cancelaci\u00f3n de tus antecedentes penales y proteger tus derechos como ciudadano en el proceso laboral<\/b><span style=\"font-weight: 400;\"> en caso de sufrir alg\u00fan tipo de discriminaci\u00f3n por tu historial penal.<\/span><\/p>\n","protected":false},"excerpt":{"rendered":"<p>Para todas las personas, la b\u00fasqueda laboral es un proceso complicado y puede serlo a\u00fan m\u00e1s si cuentas con antecedentes penales. A pesar de que estos antecedentes pueden cancelarse luego de cierto tiempo y no deber\u00edan ser utilizados de forma discriminatoria en los procesos de selecci\u00f3n laborales, no siempre sucede esto en Espa\u00f1a. Al cometer cualquier delito y recibir una  [&#8230;]<\/p>\n","protected":false},"author":9,"featured_media":9859,"comment_status":"closed","ping_status":"open","sticky":false,"template":"","format":"standard","meta":{"footnotes":""},"categories":[65],"tags":[],"class_list":["post-9858","post","type-post","status-publish","format-standard","has-post-thumbnail","hentry","category-despacho-de-abogados"],"yoast_head":"<!-- This site is optimized with the Yoast SEO plugin v27.4 - https:\/\/yoast.com\/product\/yoast-seo-wordpress\/ -->\n<title>\u00bfPueden limpiarse sus antecedentes penales? | Valls Guiu Advocats<\/title>\n<meta name=\"robots\" content=\"index, follow, max-snippet:-1, max-image-preview:large, max-video-preview:-1\" \/>\n<link rel=\"canonical\" href=\"https:\/\/www.vallsguiu.com\/ca\/pueden-limpiarse-sus-antecedentes-penales\/\" \/>\n<meta property=\"og:locale\" content=\"ca_ES\" \/>\n<meta property=\"og:type\" content=\"article\" \/>\n<meta property=\"og:title\" content=\"\u00bfPueden limpiarse sus antecedentes penales? | Valls Guiu Advocats\" \/>\n<meta property=\"og:description\" content=\"Para todas las personas, la b\u00fasqueda laboral es un proceso complicado y puede serlo a\u00fan m\u00e1s si cuentas con antecedentes penales. A pesar de que estos antecedentes pueden cancelarse luego de cierto tiempo y no deber\u00edan ser utilizados de forma discriminatoria en los procesos de selecci\u00f3n laborales, no siempre sucede esto en Espa\u00f1a. Al cometer cualquier delito y recibir una [...]\" \/>\n<meta property=\"og:url\" content=\"https:\/\/www.vallsguiu.com\/pueden-limpiarse-sus-antecedentes-penales\/\" \/>\n<meta property=\"og:site_name\" content=\"Valls Guiu Advocats\" \/>\n<meta property=\"article:published_time\" content=\"2020-01-10T11:00:37+00:00\" \/>\n<meta property=\"article:modified_time\" content=\"2021-04-27T10:10:25+00:00\" \/>\n<meta property=\"og:image\" content=\"https:\/\/www.vallsguiu.com\/wp-content\/uploads\/aaron-burden-xG8IQMqMITM-unsplash-scaled.jpg\" \/>\n\t<meta property=\"og:image:width\" content=\"2560\" \/>\n\t<meta property=\"og:image:height\" content=\"2560\" \/>\n\t<meta property=\"og:image:type\" content=\"image\/jpeg\" \/>\n<meta name=\"author\" content=\"Agostina Simeonoff\" \/>\n<meta name=\"twitter:label1\" content=\"Written by\" \/>\n\t<meta name=\"twitter:data1\" content=\"Agostina Simeonoff\" \/>\n\t<meta name=\"twitter:label2\" content=\"Est. reading time\" \/>\n\t<meta name=\"twitter:data2\" content=\"3 minutes\" \/>\n<script type=\"application\/ld+json\" class=\"yoast-schema-graph\">{\"@context\":\"https:\\\/\\\/schema.org\",\"@graph\":[{\"@type\":\"Article\",\"@id\":\"https:\\\/\\\/www.vallsguiu.com\\\/pueden-limpiarse-sus-antecedentes-penales\\\/#article\",\"isPartOf\":{\"@id\":\"https:\\\/\\\/www.vallsguiu.com\\\/pueden-limpiarse-sus-antecedentes-penales\\\/\"},\"author\":{\"name\":\"Agostina Simeonoff\",\"@id\":\"https:\\\/\\\/www.vallsguiu.com\\\/#\\\/schema\\\/person\\\/c8c6d81b7f841fa2705b741afabd49be\"},\"headline\":\"\u00bfPueden limpiarse sus antecedentes penales?\",\"datePublished\":\"2020-01-10T11:00:37+00:00\",\"dateModified\":\"2021-04-27T10:10:25+00:00\",\"mainEntityOfPage\":{\"@id\":\"https:\\\/\\\/www.vallsguiu.com\\\/pueden-limpiarse-sus-antecedentes-penales\\\/\"},\"wordCount\":600,\"image\":{\"@id\":\"https:\\\/\\\/www.vallsguiu.com\\\/pueden-limpiarse-sus-antecedentes-penales\\\/#primaryimage\"},\"thumbnailUrl\":\"https:\\\/\\\/www.vallsguiu.com\\\/wp-content\\\/uploads\\\/aaron-burden-xG8IQMqMITM-unsplash-scaled.jpg\",\"articleSection\":[\"Despacho de Abogados\"],\"inLanguage\":\"ca\"},{\"@type\":\"WebPage\",\"@id\":\"https:\\\/\\\/www.vallsguiu.com\\\/pueden-limpiarse-sus-antecedentes-penales\\\/\",\"url\":\"https:\\\/\\\/www.vallsguiu.com\\\/pueden-limpiarse-sus-antecedentes-penales\\\/\",\"name\":\"\u00bfPueden limpiarse sus antecedentes penales? | Valls Guiu Advocats\",\"isPartOf\":{\"@id\":\"https:\\\/\\\/www.vallsguiu.com\\\/#website\"},\"primaryImageOfPage\":{\"@id\":\"https:\\\/\\\/www.vallsguiu.com\\\/pueden-limpiarse-sus-antecedentes-penales\\\/#primaryimage\"},\"image\":{\"@id\":\"https:\\\/\\\/www.vallsguiu.com\\\/pueden-limpiarse-sus-antecedentes-penales\\\/#primaryimage\"},\"thumbnailUrl\":\"https:\\\/\\\/www.vallsguiu.com\\\/wp-content\\\/uploads\\\/aaron-burden-xG8IQMqMITM-unsplash-scaled.jpg\",\"datePublished\":\"2020-01-10T11:00:37+00:00\",\"dateModified\":\"2021-04-27T10:10:25+00:00\",\"author\":{\"@id\":\"https:\\\/\\\/www.vallsguiu.com\\\/#\\\/schema\\\/person\\\/c8c6d81b7f841fa2705b741afabd49be\"},\"breadcrumb\":{\"@id\":\"https:\\\/\\\/www.vallsguiu.com\\\/pueden-limpiarse-sus-antecedentes-penales\\\/#breadcrumb\"},\"inLanguage\":\"ca\",\"potentialAction\":[{\"@type\":\"ReadAction\",\"target\":[\"https:\\\/\\\/www.vallsguiu.com\\\/pueden-limpiarse-sus-antecedentes-penales\\\/\"]}]},{\"@type\":\"ImageObject\",\"inLanguage\":\"ca\",\"@id\":\"https:\\\/\\\/www.vallsguiu.com\\\/pueden-limpiarse-sus-antecedentes-penales\\\/#primaryimage\",\"url\":\"https:\\\/\\\/www.vallsguiu.com\\\/wp-content\\\/uploads\\\/aaron-burden-xG8IQMqMITM-unsplash-scaled.jpg\",\"contentUrl\":\"https:\\\/\\\/www.vallsguiu.com\\\/wp-content\\\/uploads\\\/aaron-burden-xG8IQMqMITM-unsplash-scaled.jpg\",\"width\":2560,\"height\":2560},{\"@type\":\"BreadcrumbList\",\"@id\":\"https:\\\/\\\/www.vallsguiu.com\\\/pueden-limpiarse-sus-antecedentes-penales\\\/#breadcrumb\",\"itemListElement\":[{\"@type\":\"ListItem\",\"position\":1,\"name\":\"Portada\",\"item\":\"https:\\\/\\\/www.vallsguiu.com\\\/ca\\\/\"},{\"@type\":\"ListItem\",\"position\":2,\"name\":\"\u00bfPueden limpiarse sus antecedentes penales?\"}]},{\"@type\":\"WebSite\",\"@id\":\"https:\\\/\\\/www.vallsguiu.com\\\/#website\",\"url\":\"https:\\\/\\\/www.vallsguiu.com\\\/\",\"name\":\"Valls Guiu Advocats\",\"description\":\"\",\"potentialAction\":[{\"@type\":\"SearchAction\",\"target\":{\"@type\":\"EntryPoint\",\"urlTemplate\":\"https:\\\/\\\/www.vallsguiu.com\\\/?s={search_term_string}\"},\"query-input\":{\"@type\":\"PropertyValueSpecification\",\"valueRequired\":true,\"valueName\":\"search_term_string\"}}],\"inLanguage\":\"ca\"},{\"@type\":\"Person\",\"@id\":\"https:\\\/\\\/www.vallsguiu.com\\\/#\\\/schema\\\/person\\\/c8c6d81b7f841fa2705b741afabd49be\",\"name\":\"Agostina Simeonoff\",\"image\":{\"@type\":\"ImageObject\",\"inLanguage\":\"ca\",\"@id\":\"https:\\\/\\\/secure.gravatar.com\\\/avatar\\\/f5babd7c05af0da558383603e0e50addb60d4f050bcffdb3ed4825291af9147c?s=96&d=mm&r=g\",\"url\":\"https:\\\/\\\/secure.gravatar.com\\\/avatar\\\/f5babd7c05af0da558383603e0e50addb60d4f050bcffdb3ed4825291af9147c?s=96&d=mm&r=g\",\"contentUrl\":\"https:\\\/\\\/secure.gravatar.com\\\/avatar\\\/f5babd7c05af0da558383603e0e50addb60d4f050bcffdb3ed4825291af9147c?s=96&d=mm&r=g\",\"caption\":\"Agostina Simeonoff\"},\"url\":\"https:\\\/\\\/www.vallsguiu.com\\\/ca\\\/author\\\/agostina\\\/\"}]}<\/script>\n<!-- \/ Yoast SEO plugin. -->","yoast_head_json":{"title":"\u00bfPueden limpiarse sus antecedentes penales? | Valls Guiu Advocats","robots":{"index":"index","follow":"follow","max-snippet":"max-snippet:-1","max-image-preview":"max-image-preview:large","max-video-preview":"max-video-preview:-1"},"canonical":"https:\/\/www.vallsguiu.com\/ca\/pueden-limpiarse-sus-antecedentes-penales\/","og_locale":"ca_ES","og_type":"article","og_title":"\u00bfPueden limpiarse sus antecedentes penales? | Valls Guiu Advocats","og_description":"Para todas las personas, la b\u00fasqueda laboral es un proceso complicado y puede serlo a\u00fan m\u00e1s si cuentas con antecedentes penales. A pesar de que estos antecedentes pueden cancelarse luego de cierto tiempo y no deber\u00edan ser utilizados de forma discriminatoria en los procesos de selecci\u00f3n laborales, no siempre sucede esto en Espa\u00f1a. Al cometer cualquier delito y recibir una [...]","og_url":"https:\/\/www.vallsguiu.com\/pueden-limpiarse-sus-antecedentes-penales\/","og_site_name":"Valls Guiu Advocats","article_published_time":"2020-01-10T11:00:37+00:00","article_modified_time":"2021-04-27T10:10:25+00:00","og_image":[{"width":2560,"height":2560,"url":"https:\/\/www.vallsguiu.com\/wp-content\/uploads\/aaron-burden-xG8IQMqMITM-unsplash-scaled.jpg","type":"image\/jpeg"}],"author":"Agostina Simeonoff","twitter_misc":{"Written by":"Agostina Simeonoff","Est. reading time":"3 minutes"},"schema":{"@context":"https:\/\/schema.org","@graph":[{"@type":"Article","@id":"https:\/\/www.vallsguiu.com\/pueden-limpiarse-sus-antecedentes-penales\/#article","isPartOf":{"@id":"https:\/\/www.vallsguiu.com\/pueden-limpiarse-sus-antecedentes-penales\/"},"author":{"name":"Agostina Simeonoff","@id":"https:\/\/www.vallsguiu.com\/#\/schema\/person\/c8c6d81b7f841fa2705b741afabd49be"},"headline":"\u00bfPueden limpiarse sus antecedentes penales?","datePublished":"2020-01-10T11:00:37+00:00","dateModified":"2021-04-27T10:10:25+00:00","mainEntityOfPage":{"@id":"https:\/\/www.vallsguiu.com\/pueden-limpiarse-sus-antecedentes-penales\/"},"wordCount":600,"image":{"@id":"https:\/\/www.vallsguiu.com\/pueden-limpiarse-sus-antecedentes-penales\/#primaryimage"},"thumbnailUrl":"https:\/\/www.vallsguiu.com\/wp-content\/uploads\/aaron-burden-xG8IQMqMITM-unsplash-scaled.jpg","articleSection":["Despacho de Abogados"],"inLanguage":"ca"},{"@type":"WebPage","@id":"https:\/\/www.vallsguiu.com\/pueden-limpiarse-sus-antecedentes-penales\/","url":"https:\/\/www.vallsguiu.com\/pueden-limpiarse-sus-antecedentes-penales\/","name":"\u00bfPueden limpiarse sus antecedentes penales? | Valls Guiu Advocats","isPartOf":{"@id":"https:\/\/www.vallsguiu.com\/#website"},"primaryImageOfPage":{"@id":"https:\/\/www.vallsguiu.com\/pueden-limpiarse-sus-antecedentes-penales\/#primaryimage"},"image":{"@id":"https:\/\/www.vallsguiu.com\/pueden-limpiarse-sus-antecedentes-penales\/#primaryimage"},"thumbnailUrl":"https:\/\/www.vallsguiu.com\/wp-content\/uploads\/aaron-burden-xG8IQMqMITM-unsplash-scaled.jpg","datePublished":"2020-01-10T11:00:37+00:00","dateModified":"2021-04-27T10:10:25+00:00","author":{"@id":"https:\/\/www.vallsguiu.com\/#\/schema\/person\/c8c6d81b7f841fa2705b741afabd49be"},"breadcrumb":{"@id":"https:\/\/www.vallsguiu.com\/pueden-limpiarse-sus-antecedentes-penales\/#breadcrumb"},"inLanguage":"ca","potentialAction":[{"@type":"ReadAction","target":["https:\/\/www.vallsguiu.com\/pueden-limpiarse-sus-antecedentes-penales\/"]}]},{"@type":"ImageObject","inLanguage":"ca","@id":"https:\/\/www.vallsguiu.com\/pueden-limpiarse-sus-antecedentes-penales\/#primaryimage","url":"https:\/\/www.vallsguiu.com\/wp-content\/uploads\/aaron-burden-xG8IQMqMITM-unsplash-scaled.jpg","contentUrl":"https:\/\/www.vallsguiu.com\/wp-content\/uploads\/aaron-burden-xG8IQMqMITM-unsplash-scaled.jpg","width":2560,"height":2560},{"@type":"BreadcrumbList","@id":"https:\/\/www.vallsguiu.com\/pueden-limpiarse-sus-antecedentes-penales\/#breadcrumb","itemListElement":[{"@type":"ListItem","position":1,"name":"Portada","item":"https:\/\/www.vallsguiu.com\/ca\/"},{"@type":"ListItem","position":2,"name":"\u00bfPueden limpiarse sus antecedentes penales?"}]},{"@type":"WebSite","@id":"https:\/\/www.vallsguiu.com\/#website","url":"https:\/\/www.vallsguiu.com\/","name":"Valls Guiu Advocats","description":"","potentialAction":[{"@type":"SearchAction","target":{"@type":"EntryPoint","urlTemplate":"https:\/\/www.vallsguiu.com\/?s={search_term_string}"},"query-input":{"@type":"PropertyValueSpecification","valueRequired":true,"valueName":"search_term_string"}}],"inLanguage":"ca"},{"@type":"Person","@id":"https:\/\/www.vallsguiu.com\/#\/schema\/person\/c8c6d81b7f841fa2705b741afabd49be","name":"Agostina Simeonoff","image":{"@type":"ImageObject","inLanguage":"ca","@id":"https:\/\/secure.gravatar.com\/avatar\/f5babd7c05af0da558383603e0e50addb60d4f050bcffdb3ed4825291af9147c?s=96&d=mm&r=g","url":"https:\/\/secure.gravatar.com\/avatar\/f5babd7c05af0da558383603e0e50addb60d4f050bcffdb3ed4825291af9147c?s=96&d=mm&r=g","contentUrl":"https:\/\/secure.gravatar.com\/avatar\/f5babd7c05af0da558383603e0e50addb60d4f050bcffdb3ed4825291af9147c?s=96&d=mm&r=g","caption":"Agostina Simeonoff"},"url":"https:\/\/www.vallsguiu.com\/ca\/author\/agostina\/"}]}},"_links":{"self":[{"href":"https:\/\/www.vallsguiu.com\/ca\/wp-json\/wp\/v2\/posts\/9858","targetHints":{"allow":["GET"]}}],"collection":[{"href":"https:\/\/www.vallsguiu.com\/ca\/wp-json\/wp\/v2\/posts"}],"about":[{"href":"https:\/\/www.vallsguiu.com\/ca\/wp-json\/wp\/v2\/types\/post"}],"author":[{"embeddable":true,"href":"https:\/\/www.vallsguiu.com\/ca\/wp-json\/wp\/v2\/users\/9"}],"replies":[{"embeddable":true,"href":"https:\/\/www.vallsguiu.com\/ca\/wp-json\/wp\/v2\/comments?post=9858"}],"version-history":[{"count":3,"href":"https:\/\/www.vallsguiu.com\/ca\/wp-json\/wp\/v2\/posts\/9858\/revisions"}],"predecessor-version":[{"id":10472,"href":"https:\/\/www.vallsguiu.com\/ca\/wp-json\/wp\/v2\/posts\/9858\/revisions\/10472"}],"wp:featuredmedia":[{"embeddable":true,"href":"https:\/\/www.vallsguiu.com\/ca\/wp-json\/wp\/v2\/media\/9859"}],"wp:attachment":[{"href":"https:\/\/www.vallsguiu.com\/ca\/wp-json\/wp\/v2\/media?parent=9858"}],"wp:term":[{"taxonomy":"category","embeddable":true,"href":"https:\/\/www.vallsguiu.com\/ca\/wp-json\/wp\/v2\/categories?post=9858"},{"taxonomy":"post_tag","embeddable":true,"href":"https:\/\/www.vallsguiu.com\/ca\/wp-json\/wp\/v2\/tags?post=9858"}],"curies":[{"name":"wp","href":"https:\/\/api.w.org\/{rel}","templated":true}]}}